{"id":8166,"date":"2018-03-13T17:54:35","date_gmt":"2018-03-13T16:54:35","guid":{"rendered":"http:\/\/www.sirho.es\/2018\/03\/sabado-24-de-marzo-de-2018-protocolo-para-directivos-y-marca-personal\/"},"modified":"2018-03-13T17:54:35","modified_gmt":"2018-03-13T16:54:35","slug":"sabado-24-de-marzo-de-2018-protocolo-para-directivos-y-marca-personal","status":"publish","type":"post","link":"https:\/\/www.sirho.es\/en\/2018\/03\/sabado-24-de-marzo-de-2018-protocolo-para-directivos-y-marca-personal\/","title":{"rendered":"S\u00e1bado 24 de marzo de 2018 | Protocolo para Directivos y Marca Personal"},"content":{"rendered":"<p><a href=\"http:\/\/www.sirho.es\/wp-content\/uploads\/2018\/03\/Plantilla-protocolo-para-directivos-Biar-_-24-de-marzo-de-2018.png\"><img loading=\"lazy\" decoding=\"async\" class=\"aligncenter size-large wp-image-8086\" src=\"http:\/\/www.sirho.es\/wp-content\/uploads\/2018\/03\/Plantilla-protocolo-para-directivos-Biar-_-24-de-marzo-de-2018-1024x768.png\" alt=\"\" width=\"1024\" height=\"768\" srcset=\"https:\/\/www.sirho.es\/wp-content\/uploads\/2018\/03\/Plantilla-protocolo-para-directivos-Biar-_-24-de-marzo-de-2018-1024x768.png 1024w, https:\/\/www.sirho.es\/wp-content\/uploads\/2018\/03\/Plantilla-protocolo-para-directivos-Biar-_-24-de-marzo-de-2018-300x225.png 300w, https:\/\/www.sirho.es\/wp-content\/uploads\/2018\/03\/Plantilla-protocolo-para-directivos-Biar-_-24-de-marzo-de-2018-768x576.png 768w, https:\/\/www.sirho.es\/wp-content\/uploads\/2018\/03\/Plantilla-protocolo-para-directivos-Biar-_-24-de-marzo-de-2018.png 1057w\" sizes=\"auto, (max-width: 1024px) 100vw, 1024px\" \/><\/a><\/p>\n<p>El s\u00e1bado 24 de marzo desde las 09:00 hasta las 17:00, en la Sede Universitaria de Biar, se llevar\u00e1 a cabo una jornada sobre Protocolo Para Directivos y Marca Personal con \u00d3scar Carri\u00f3n, Director de Gastrouni y Andr\u00e9s P\u00e9rez Ortega,\u00a0<span style=\"font-weight: 400;\">Consultor de Estrategia Personal y Branding Personal.<\/span><\/p>\n<p>Si est\u00e1s interesado en asistir puedes <a href=\"http:\/\/lb.benchmarkemail.com\/\/listbuilder\/signupnew?%252FA1OoB%252B8miCvG7my1YgJ9XU6aYbVWWhHfWvGp3ulLM1MX8Seba8GFNSLITi2AEUS\" target=\"_blank\" rel=\"noopener\">rellenar este formulario<\/a>.<\/p>\n<p><a href=\"http:\/\/www.sirho.es\/wp-content\/uploads\/2018\/03\/29063833_1906975619337177_1815748442523024683_o.jpg\"><img loading=\"lazy\" decoding=\"async\" class=\"aligncenter size-medium wp-image-8096\" src=\"http:\/\/www.sirho.es\/wp-content\/uploads\/2018\/03\/29063833_1906975619337177_1815748442523024683_o-300x200.jpg\" alt=\"\" width=\"300\" height=\"200\" srcset=\"https:\/\/www.sirho.es\/wp-content\/uploads\/2018\/03\/29063833_1906975619337177_1815748442523024683_o-300x200.jpg 300w, https:\/\/www.sirho.es\/wp-content\/uploads\/2018\/03\/29063833_1906975619337177_1815748442523024683_o-768x512.jpg 768w, https:\/\/www.sirho.es\/wp-content\/uploads\/2018\/03\/29063833_1906975619337177_1815748442523024683_o-1024x683.jpg 1024w, https:\/\/www.sirho.es\/wp-content\/uploads\/2018\/03\/29063833_1906975619337177_1815748442523024683_o.jpg 2048w\" sizes=\"auto, (max-width: 300px) 100vw, 300px\" \/><\/a> <a href=\"http:\/\/www.sirho.es\/wp-content\/uploads\/2018\/03\/29063815_1906977169337022_6321321448757544181_o.jpg\"><img loading=\"lazy\" decoding=\"async\" class=\"aligncenter size-medium wp-image-8095\" src=\"http:\/\/www.sirho.es\/wp-content\/uploads\/2018\/03\/29063815_1906977169337022_6321321448757544181_o-300x200.jpg\" alt=\"\" width=\"300\" height=\"200\" srcset=\"https:\/\/www.sirho.es\/wp-content\/uploads\/2018\/03\/29063815_1906977169337022_6321321448757544181_o-300x200.jpg 300w, https:\/\/www.sirho.es\/wp-content\/uploads\/2018\/03\/29063815_1906977169337022_6321321448757544181_o-768x512.jpg 768w, https:\/\/www.sirho.es\/wp-content\/uploads\/2018\/03\/29063815_1906977169337022_6321321448757544181_o-1024x683.jpg 1024w, https:\/\/www.sirho.es\/wp-content\/uploads\/2018\/03\/29063815_1906977169337022_6321321448757544181_o.jpg 2048w\" sizes=\"auto, (max-width: 300px) 100vw, 300px\" \/><\/a> <a href=\"http:\/\/www.sirho.es\/wp-content\/uploads\/2018\/03\/29060973_1906976362670436_5410236165068078277_o.jpg\"><img loading=\"lazy\" decoding=\"async\" class=\"aligncenter size-medium wp-image-8094\" src=\"http:\/\/www.sirho.es\/wp-content\/uploads\/2018\/03\/29060973_1906976362670436_5410236165068078277_o-300x200.jpg\" alt=\"\" width=\"300\" height=\"200\" srcset=\"https:\/\/www.sirho.es\/wp-content\/uploads\/2018\/03\/29060973_1906976362670436_5410236165068078277_o-300x200.jpg 300w, https:\/\/www.sirho.es\/wp-content\/uploads\/2018\/03\/29060973_1906976362670436_5410236165068078277_o-768x512.jpg 768w, https:\/\/www.sirho.es\/wp-content\/uploads\/2018\/03\/29060973_1906976362670436_5410236165068078277_o-1024x683.jpg 1024w, https:\/\/www.sirho.es\/wp-content\/uploads\/2018\/03\/29060973_1906976362670436_5410236165068078277_o.jpg 2048w\" sizes=\"auto, (max-width: 300px) 100vw, 300px\" \/><\/a> <a href=\"http:\/\/www.sirho.es\/wp-content\/uploads\/2018\/03\/28954321_1906976796003726_6763852985918570975_o.jpg\"><img loading=\"lazy\" decoding=\"async\" class=\"aligncenter size-medium wp-image-8093\" src=\"http:\/\/www.sirho.es\/wp-content\/uploads\/2018\/03\/28954321_1906976796003726_6763852985918570975_o-300x200.jpg\" alt=\"\" width=\"300\" height=\"200\" srcset=\"https:\/\/www.sirho.es\/wp-content\/uploads\/2018\/03\/28954321_1906976796003726_6763852985918570975_o-300x200.jpg 300w, https:\/\/www.sirho.es\/wp-content\/uploads\/2018\/03\/28954321_1906976796003726_6763852985918570975_o-768x512.jpg 768w, https:\/\/www.sirho.es\/wp-content\/uploads\/2018\/03\/28954321_1906976796003726_6763852985918570975_o-1024x683.jpg 1024w, https:\/\/www.sirho.es\/wp-content\/uploads\/2018\/03\/28954321_1906976796003726_6763852985918570975_o.jpg 2048w\" sizes=\"auto, (max-width: 300px) 100vw, 300px\" \/><\/a><a href=\"http:\/\/www.sirho.es\/wp-content\/uploads\/2018\/03\/29352264_1906975716003834_1980138596928375839_o.jpg\"><img loading=\"lazy\" decoding=\"async\" class=\"aligncenter size-medium wp-image-8100\" src=\"http:\/\/www.sirho.es\/wp-content\/uploads\/2018\/03\/29352264_1906975716003834_1980138596928375839_o-300x200.jpg\" alt=\"\" width=\"300\" height=\"200\" srcset=\"https:\/\/www.sirho.es\/wp-content\/uploads\/2018\/03\/29352264_1906975716003834_1980138596928375839_o-300x200.jpg 300w, https:\/\/www.sirho.es\/wp-content\/uploads\/2018\/03\/29352264_1906975716003834_1980138596928375839_o-768x512.jpg 768w, https:\/\/www.sirho.es\/wp-content\/uploads\/2018\/03\/29352264_1906975716003834_1980138596928375839_o-1024x683.jpg 1024w, https:\/\/www.sirho.es\/wp-content\/uploads\/2018\/03\/29352264_1906975716003834_1980138596928375839_o.jpg 1942w\" sizes=\"auto, (max-width: 300px) 100vw, 300px\" \/><\/a><\/p>\n","protected":false},"excerpt":{"rendered":"<p>El s\u00e1bado 24 de marzo desde las 09:00 hasta las 17:00, en la Sede Universitaria de Biar, se llevar\u00e1 a cabo una jornada sobre Protocolo Para Directivos y Marca Personal con \u00d3scar Carri\u00f3n, Director de Gastrouni y Andr\u00e9s P\u00e9rez Ortega,\u00a0Consultor de Estrategia Personal y Branding Personal. Si est\u00e1s interesado en [&hellip;]<\/p>\n","protected":false},"author":3,"featured_media":0,"comment_status":"open","ping_status":"open","sticky":false,"template":"","format":"standard","meta":{"footnotes":""},"categories":[126],"tags":[],"class_list":["post-8166","post","type-post","status-publish","format-standard","hentry","category-2017-2018-course-syllabus"],"yoast_head":"<!-- This site is optimized with the Yoast SEO plugin v28.3 - https:\/\/yoast.com\/product\/yoast-seo-wordpress\/ -->\n<title>S\u00e1bado 24 de marzo de 2018 | Protocolo para Directivos y Marca Personal - Grupo de Investigaci\u00f3n Sistemas de Informaci\u00f3n y Recursos Humanos en las Organizaciones<\/title>\n<meta name=\"robots\" content=\"index, follow, max-snippet:-1, max-image-preview:large, max-video-preview:-1\" \/>\n<link rel=\"canonical\" href=\"https:\/\/www.sirho.es\/en\/2018\/03\/sabado-24-de-marzo-de-2018-protocolo-para-directivos-y-marca-personal\/\" \/>\n<meta property=\"og:locale\" content=\"en_US\" \/>\n<meta property=\"og:type\" content=\"article\" \/>\n<meta property=\"og:title\" content=\"S\u00e1bado 24 de marzo de 2018 | Protocolo para Directivos y Marca Personal - Grupo de Investigaci\u00f3n Sistemas de Informaci\u00f3n y Recursos Humanos en las Organizaciones\" \/>\n<meta property=\"og:description\" content=\"El s\u00e1bado 24 de marzo desde las 09:00 hasta las 17:00, en la Sede Universitaria de Biar, se llevar\u00e1 a cabo una jornada sobre Protocolo Para Directivos y Marca Personal con \u00d3scar Carri\u00f3n, Director de Gastrouni y Andr\u00e9s P\u00e9rez Ortega,\u00a0Consultor de Estrategia Personal y Branding Personal. Si est\u00e1s interesado en [&hellip;]\" \/>\n<meta property=\"og:url\" content=\"https:\/\/www.sirho.es\/en\/2018\/03\/sabado-24-de-marzo-de-2018-protocolo-para-directivos-y-marca-personal\/\" \/>\n<meta property=\"og:site_name\" content=\"Grupo de Investigaci\u00f3n Sistemas de Informaci\u00f3n y Recursos Humanos en las Organizaciones\" \/>\n<meta property=\"article:published_time\" content=\"2018-03-13T16:54:35+00:00\" \/>\n<meta property=\"og:image\" content=\"http:\/\/www.sirho.es\/wp-content\/uploads\/2018\/03\/Plantilla-protocolo-para-directivos-Biar-_-24-de-marzo-de-2018-1024x768.png\" \/>\n<meta name=\"author\" content=\"ximo\" \/>\n<meta name=\"twitter:label1\" content=\"Written by\" \/>\n\t<meta name=\"twitter:data1\" content=\"ximo\" \/>\n<script type=\"application\/ld+json\" class=\"yoast-schema-graph\">{\"@context\":\"https:\\\/\\\/schema.org\",\"@graph\":[{\"@type\":\"Article\",\"@id\":\"https:\\\/\\\/www.sirho.es\\\/en\\\/2018\\\/03\\\/sabado-24-de-marzo-de-2018-protocolo-para-directivos-y-marca-personal\\\/#article\",\"isPartOf\":{\"@id\":\"https:\\\/\\\/www.sirho.es\\\/en\\\/2018\\\/03\\\/sabado-24-de-marzo-de-2018-protocolo-para-directivos-y-marca-personal\\\/\"},\"author\":{\"name\":\"ximo\",\"@id\":\"https:\\\/\\\/www.sirho.es\\\/#\\\/schema\\\/person\\\/66c09c45a09b662166e6095cbb483a70\"},\"headline\":\"S\u00e1bado 24 de marzo de 2018 | Protocolo para Directivos y Marca Personal\",\"datePublished\":\"2018-03-13T16:54:35+00:00\",\"mainEntityOfPage\":{\"@id\":\"https:\\\/\\\/www.sirho.es\\\/en\\\/2018\\\/03\\\/sabado-24-de-marzo-de-2018-protocolo-para-directivos-y-marca-personal\\\/\"},\"wordCount\":69,\"commentCount\":0,\"image\":{\"@id\":\"https:\\\/\\\/www.sirho.es\\\/en\\\/2018\\\/03\\\/sabado-24-de-marzo-de-2018-protocolo-para-directivos-y-marca-personal\\\/#primaryimage\"},\"thumbnailUrl\":\"http:\\\/\\\/www.sirho.es\\\/wp-content\\\/uploads\\\/2018\\\/03\\\/Plantilla-protocolo-para-directivos-Biar-_-24-de-marzo-de-2018-1024x768.png\",\"articleSection\":[\"2017-2018 Course syllabus\"],\"inLanguage\":\"en-US\",\"potentialAction\":[{\"@type\":\"CommentAction\",\"name\":\"Comment\",\"target\":[\"https:\\\/\\\/www.sirho.es\\\/en\\\/2018\\\/03\\\/sabado-24-de-marzo-de-2018-protocolo-para-directivos-y-marca-personal\\\/#respond\"]}]},{\"@type\":\"WebPage\",\"@id\":\"https:\\\/\\\/www.sirho.es\\\/en\\\/2018\\\/03\\\/sabado-24-de-marzo-de-2018-protocolo-para-directivos-y-marca-personal\\\/\",\"url\":\"https:\\\/\\\/www.sirho.es\\\/en\\\/2018\\\/03\\\/sabado-24-de-marzo-de-2018-protocolo-para-directivos-y-marca-personal\\\/\",\"name\":\"S\u00e1bado 24 de marzo de 2018 | Protocolo para Directivos y Marca Personal - Grupo de Investigaci\u00f3n Sistemas de Informaci\u00f3n y Recursos Humanos en las Organizaciones\",\"isPartOf\":{\"@id\":\"https:\\\/\\\/www.sirho.es\\\/#website\"},\"primaryImageOfPage\":{\"@id\":\"https:\\\/\\\/www.sirho.es\\\/en\\\/2018\\\/03\\\/sabado-24-de-marzo-de-2018-protocolo-para-directivos-y-marca-personal\\\/#primaryimage\"},\"image\":{\"@id\":\"https:\\\/\\\/www.sirho.es\\\/en\\\/2018\\\/03\\\/sabado-24-de-marzo-de-2018-protocolo-para-directivos-y-marca-personal\\\/#primaryimage\"},\"thumbnailUrl\":\"http:\\\/\\\/www.sirho.es\\\/wp-content\\\/uploads\\\/2018\\\/03\\\/Plantilla-protocolo-para-directivos-Biar-_-24-de-marzo-de-2018-1024x768.png\",\"datePublished\":\"2018-03-13T16:54:35+00:00\",\"author\":{\"@id\":\"https:\\\/\\\/www.sirho.es\\\/#\\\/schema\\\/person\\\/66c09c45a09b662166e6095cbb483a70\"},\"breadcrumb\":{\"@id\":\"https:\\\/\\\/www.sirho.es\\\/en\\\/2018\\\/03\\\/sabado-24-de-marzo-de-2018-protocolo-para-directivos-y-marca-personal\\\/#breadcrumb\"},\"inLanguage\":\"en-US\",\"potentialAction\":[{\"@type\":\"ReadAction\",\"target\":[\"https:\\\/\\\/www.sirho.es\\\/en\\\/2018\\\/03\\\/sabado-24-de-marzo-de-2018-protocolo-para-directivos-y-marca-personal\\\/\"]}]},{\"@type\":\"ImageObject\",\"inLanguage\":\"en-US\",\"@id\":\"https:\\\/\\\/www.sirho.es\\\/en\\\/2018\\\/03\\\/sabado-24-de-marzo-de-2018-protocolo-para-directivos-y-marca-personal\\\/#primaryimage\",\"url\":\"http:\\\/\\\/www.sirho.es\\\/wp-content\\\/uploads\\\/2018\\\/03\\\/Plantilla-protocolo-para-directivos-Biar-_-24-de-marzo-de-2018-1024x768.png\",\"contentUrl\":\"http:\\\/\\\/www.sirho.es\\\/wp-content\\\/uploads\\\/2018\\\/03\\\/Plantilla-protocolo-para-directivos-Biar-_-24-de-marzo-de-2018-1024x768.png\"},{\"@type\":\"BreadcrumbList\",\"@id\":\"https:\\\/\\\/www.sirho.es\\\/en\\\/2018\\\/03\\\/sabado-24-de-marzo-de-2018-protocolo-para-directivos-y-marca-personal\\\/#breadcrumb\",\"itemListElement\":[{\"@type\":\"ListItem\",\"position\":1,\"name\":\"Home\",\"item\":\"https:\\\/\\\/www.sirho.es\\\/en\\\/\"},{\"@type\":\"ListItem\",\"position\":2,\"name\":\"S\u00e1bado 24 de marzo de 2018 | Protocolo para Directivos y Marca Personal\"}]},{\"@type\":\"WebSite\",\"@id\":\"https:\\\/\\\/www.sirho.es\\\/#website\",\"url\":\"https:\\\/\\\/www.sirho.es\\\/\",\"name\":\"Grupo de Investigaci\u00f3n Sistemas de Informaci\u00f3n y Recursos Humanos en las Organizaciones\",\"description\":\"\",\"potentialAction\":[{\"@type\":\"SearchAction\",\"target\":{\"@type\":\"EntryPoint\",\"urlTemplate\":\"https:\\\/\\\/www.sirho.es\\\/?s={search_term_string}\"},\"query-input\":{\"@type\":\"PropertyValueSpecification\",\"valueRequired\":true,\"valueName\":\"search_term_string\"}}],\"inLanguage\":\"en-US\"},{\"@type\":\"Person\",\"@id\":\"https:\\\/\\\/www.sirho.es\\\/#\\\/schema\\\/person\\\/66c09c45a09b662166e6095cbb483a70\",\"name\":\"ximo\",\"url\":\"https:\\\/\\\/www.sirho.es\\\/en\\\/author\\\/ximo\\\/\"}]}<\/script>\n<!-- \/ Yoast SEO plugin. -->","yoast_head_json":{"title":"S\u00e1bado 24 de marzo de 2018 | Protocolo para Directivos y Marca Personal - Grupo de Investigaci\u00f3n Sistemas de Informaci\u00f3n y Recursos Humanos en las Organizaciones","robots":{"index":"index","follow":"follow","max-snippet":"max-snippet:-1","max-image-preview":"max-image-preview:large","max-video-preview":"max-video-preview:-1"},"canonical":"https:\/\/www.sirho.es\/en\/2018\/03\/sabado-24-de-marzo-de-2018-protocolo-para-directivos-y-marca-personal\/","og_locale":"en_US","og_type":"article","og_title":"S\u00e1bado 24 de marzo de 2018 | Protocolo para Directivos y Marca Personal - Grupo de Investigaci\u00f3n Sistemas de Informaci\u00f3n y Recursos Humanos en las Organizaciones","og_description":"El s\u00e1bado 24 de marzo desde las 09:00 hasta las 17:00, en la Sede Universitaria de Biar, se llevar\u00e1 a cabo una jornada sobre Protocolo Para Directivos y Marca Personal con \u00d3scar Carri\u00f3n, Director de Gastrouni y Andr\u00e9s P\u00e9rez Ortega,\u00a0Consultor de Estrategia Personal y Branding Personal. Si est\u00e1s interesado en [&hellip;]","og_url":"https:\/\/www.sirho.es\/en\/2018\/03\/sabado-24-de-marzo-de-2018-protocolo-para-directivos-y-marca-personal\/","og_site_name":"Grupo de Investigaci\u00f3n Sistemas de Informaci\u00f3n y Recursos Humanos en las Organizaciones","article_published_time":"2018-03-13T16:54:35+00:00","og_image":[{"url":"http:\/\/www.sirho.es\/wp-content\/uploads\/2018\/03\/Plantilla-protocolo-para-directivos-Biar-_-24-de-marzo-de-2018-1024x768.png","type":"","width":"","height":""}],"author":"ximo","twitter_misc":{"Written by":"ximo"},"schema":{"@context":"https:\/\/schema.org","@graph":[{"@type":"Article","@id":"https:\/\/www.sirho.es\/en\/2018\/03\/sabado-24-de-marzo-de-2018-protocolo-para-directivos-y-marca-personal\/#article","isPartOf":{"@id":"https:\/\/www.sirho.es\/en\/2018\/03\/sabado-24-de-marzo-de-2018-protocolo-para-directivos-y-marca-personal\/"},"author":{"name":"ximo","@id":"https:\/\/www.sirho.es\/#\/schema\/person\/66c09c45a09b662166e6095cbb483a70"},"headline":"S\u00e1bado 24 de marzo de 2018 | Protocolo para Directivos y Marca Personal","datePublished":"2018-03-13T16:54:35+00:00","mainEntityOfPage":{"@id":"https:\/\/www.sirho.es\/en\/2018\/03\/sabado-24-de-marzo-de-2018-protocolo-para-directivos-y-marca-personal\/"},"wordCount":69,"commentCount":0,"image":{"@id":"https:\/\/www.sirho.es\/en\/2018\/03\/sabado-24-de-marzo-de-2018-protocolo-para-directivos-y-marca-personal\/#primaryimage"},"thumbnailUrl":"http:\/\/www.sirho.es\/wp-content\/uploads\/2018\/03\/Plantilla-protocolo-para-directivos-Biar-_-24-de-marzo-de-2018-1024x768.png","articleSection":["2017-2018 Course syllabus"],"inLanguage":"en-US","potentialAction":[{"@type":"CommentAction","name":"Comment","target":["https:\/\/www.sirho.es\/en\/2018\/03\/sabado-24-de-marzo-de-2018-protocolo-para-directivos-y-marca-personal\/#respond"]}]},{"@type":"WebPage","@id":"https:\/\/www.sirho.es\/en\/2018\/03\/sabado-24-de-marzo-de-2018-protocolo-para-directivos-y-marca-personal\/","url":"https:\/\/www.sirho.es\/en\/2018\/03\/sabado-24-de-marzo-de-2018-protocolo-para-directivos-y-marca-personal\/","name":"S\u00e1bado 24 de marzo de 2018 | Protocolo para Directivos y Marca Personal - Grupo de Investigaci\u00f3n Sistemas de Informaci\u00f3n y Recursos Humanos en las Organizaciones","isPartOf":{"@id":"https:\/\/www.sirho.es\/#website"},"primaryImageOfPage":{"@id":"https:\/\/www.sirho.es\/en\/2018\/03\/sabado-24-de-marzo-de-2018-protocolo-para-directivos-y-marca-personal\/#primaryimage"},"image":{"@id":"https:\/\/www.sirho.es\/en\/2018\/03\/sabado-24-de-marzo-de-2018-protocolo-para-directivos-y-marca-personal\/#primaryimage"},"thumbnailUrl":"http:\/\/www.sirho.es\/wp-content\/uploads\/2018\/03\/Plantilla-protocolo-para-directivos-Biar-_-24-de-marzo-de-2018-1024x768.png","datePublished":"2018-03-13T16:54:35+00:00","author":{"@id":"https:\/\/www.sirho.es\/#\/schema\/person\/66c09c45a09b662166e6095cbb483a70"},"breadcrumb":{"@id":"https:\/\/www.sirho.es\/en\/2018\/03\/sabado-24-de-marzo-de-2018-protocolo-para-directivos-y-marca-personal\/#breadcrumb"},"inLanguage":"en-US","potentialAction":[{"@type":"ReadAction","target":["https:\/\/www.sirho.es\/en\/2018\/03\/sabado-24-de-marzo-de-2018-protocolo-para-directivos-y-marca-personal\/"]}]},{"@type":"ImageObject","inLanguage":"en-US","@id":"https:\/\/www.sirho.es\/en\/2018\/03\/sabado-24-de-marzo-de-2018-protocolo-para-directivos-y-marca-personal\/#primaryimage","url":"http:\/\/www.sirho.es\/wp-content\/uploads\/2018\/03\/Plantilla-protocolo-para-directivos-Biar-_-24-de-marzo-de-2018-1024x768.png","contentUrl":"http:\/\/www.sirho.es\/wp-content\/uploads\/2018\/03\/Plantilla-protocolo-para-directivos-Biar-_-24-de-marzo-de-2018-1024x768.png"},{"@type":"BreadcrumbList","@id":"https:\/\/www.sirho.es\/en\/2018\/03\/sabado-24-de-marzo-de-2018-protocolo-para-directivos-y-marca-personal\/#breadcrumb","itemListElement":[{"@type":"ListItem","position":1,"name":"Home","item":"https:\/\/www.sirho.es\/en\/"},{"@type":"ListItem","position":2,"name":"S\u00e1bado 24 de marzo de 2018 | Protocolo para Directivos y Marca Personal"}]},{"@type":"WebSite","@id":"https:\/\/www.sirho.es\/#website","url":"https:\/\/www.sirho.es\/","name":"Grupo de Investigaci\u00f3n Sistemas de Informaci\u00f3n y Recursos Humanos en las Organizaciones","description":"","potentialAction":[{"@type":"SearchAction","target":{"@type":"EntryPoint","urlTemplate":"https:\/\/www.sirho.es\/?s={search_term_string}"},"query-input":{"@type":"PropertyValueSpecification","valueRequired":true,"valueName":"search_term_string"}}],"inLanguage":"en-US"},{"@type":"Person","@id":"https:\/\/www.sirho.es\/#\/schema\/person\/66c09c45a09b662166e6095cbb483a70","name":"ximo","url":"https:\/\/www.sirho.es\/en\/author\/ximo\/"}]}},"_links":{"self":[{"href":"https:\/\/www.sirho.es\/en\/wp-json\/wp\/v2\/posts\/8166","targetHints":{"allow":["GET"]}}],"collection":[{"href":"https:\/\/www.sirho.es\/en\/wp-json\/wp\/v2\/posts"}],"about":[{"href":"https:\/\/www.sirho.es\/en\/wp-json\/wp\/v2\/types\/post"}],"author":[{"embeddable":true,"href":"https:\/\/www.sirho.es\/en\/wp-json\/wp\/v2\/users\/3"}],"replies":[{"embeddable":true,"href":"https:\/\/www.sirho.es\/en\/wp-json\/wp\/v2\/comments?post=8166"}],"version-history":[{"count":0,"href":"https:\/\/www.sirho.es\/en\/wp-json\/wp\/v2\/posts\/8166\/revisions"}],"wp:attachment":[{"href":"https:\/\/www.sirho.es\/en\/wp-json\/wp\/v2\/media?parent=8166"}],"wp:term":[{"taxonomy":"category","embeddable":true,"href":"https:\/\/www.sirho.es\/en\/wp-json\/wp\/v2\/categories?post=8166"},{"taxonomy":"post_tag","embeddable":true,"href":"https:\/\/www.sirho.es\/en\/wp-json\/wp\/v2\/tags?post=8166"}],"curies":[{"name":"wp","href":"https:\/\/api.w.org\/{rel}","templated":true}]}}